{"id":13,"date":"2019-04-06T13:24:06","date_gmt":"2019-04-06T11:24:06","guid":{"rendered":"http:\/\/rencontres-facealamer.com\/?p=13"},"modified":"2019-05-06T19:54:37","modified_gmt":"2019-05-06T17:54:37","slug":"experts-2019","status":"publish","type":"post","link":"https:\/\/2019.rencontres-facealamer.com\/?p=13","title":{"rendered":"EXPERT\u00b7E\u00b7S PRESENT\u00b7E\u00b7S"},"content":{"rendered":"\n<p>Du 1er mai au 5 mai 2019, retrouvez les expert.e.s et intervenant.e.s suivant.e.s aux lectures de folio, aux ateliers ainsi que de la table ronde des Rencontres photographiques professionnelles m\u00e9diterran\u00e9ennes \u201cFace \u00e0 la mer\u201d de Tanger !<\/p>\n\n\n\n<figure class=\"wp-block-image\"><img loading=\"lazy\" decoding=\"async\" width=\"600\" height=\"267\" src=\"http:\/\/rencontres-facealamer.com\/wp-content\/uploads\/2019\/04\/Logo_facealamer_WEB-e1554551011766.jpg\" alt=\"\" class=\"wp-image-38\"\/><\/figure>\n\n\n\n<ul class=\"wp-block-list\"><li>Daniel Aron, Fondation pour la Photographie<\/li><li>Valentin Bardawil, Photo Doc.<\/li><li>Dimitri Beck, Polka <\/li><li>Meriem Berrada, Mus\u00e9e d\u2019Art Contemporain Africain Al Maaden et de la fondation Alliances  <\/li><li>Amandine Besacier, commissaire d\u2019exposition <\/li><li>Nataly Bideau, GEO France<\/li><li>Lorelei Buser Suero, festival de photographie international In Cadaques<\/li><li>Malika Chaghal et Sido Lansari, Cin\u00e9math\u00e8que de Tanger &#8211; Cin\u00e9ma RIF<\/li><li>Carine Dolek, festival Circulation(s)<\/li><li>Wilfrid Est\u00e8ve, Hans Lucas &amp; association RUP FreeLens<\/li><li>Charlotte Floussaud, Photo Doc.<\/li><li>St\u00e9phanie Gaou et Clarisse Denarnaud, librairie galerie les Insolites<\/li><li>Philippe Guiguet-Bologne, \u00e9crivain, ancien directeur du centre culturel fran\u00e7ais de Ramallah et de l\u2019Institut fran\u00e7ais de Tripoli,<\/li><li>Kalel Koven, In Frame<\/li><li>Nathalie Locatelli, galerie 127<\/li><li>Fouzia Marouf, Afrique magazine<\/li><li>Marie Moignard, Diptyk magazine<\/li><li>Val\u00e9rie Pailler, CFPJ<\/li><li>Tess Raimbeau, Lib\u00e9ration<\/li><li>Elsa Seignol, Editions Revers<\/li><li>Lorenzo Virgili, Hans Lucas<\/li><\/ul>\n\n\n\n<p>L\u2019annonce du prix des rencontres sera faite le samedi 4 mai \u00e0 Tanger. La dotation comprend : <\/p>\n\n\n\n<ul class=\"wp-block-list\"><li>Une&nbsp;<strong>formation<\/strong>&nbsp;\u00e0 Paris de 10 jours au sein de la prestigieuse \u00e9cole de journalisme le CFPJ :&nbsp;<a rel=\"noreferrer noopener\" href=\"https:\/\/www.cfpj.com\/?fbclid=IwAR3nR3raiDPepGTuiyI9I91-23Snbtw9Le3Uo4Es8gFj36x78zrXezgQmEk\" target=\"_blank\">https:\/\/www.cfpj.com\/<\/a><\/li><li>Un&nbsp;<strong>espace membre et accompagnement professionnel<\/strong>&nbsp;sur Hans Lucas et Hans Lucas M\u00e9diterran\u00e9e durant un an :&nbsp;<a rel=\"noreferrer noopener\" href=\"http:\/\/hanslucas.com\/?fbclid=IwAR16JoFv-EhRdCYR6gQ7DWL0pybbsKMCszuSzt5Zs-YZCoFHgeG6lPS4VXY\" target=\"_blank\">http:\/\/hanslucas.com\/<\/a><\/li><li>Une participation \u2013&nbsp;<strong>conf\u00e9rence et projection<\/strong>&nbsp;\u2013 \u00e0 Photo Doc. 2019 \u00e0 Paris :&nbsp;<a rel=\"noreferrer noopener\" href=\"https:\/\/l.facebook.com\/l.php?u=https%3A%2F%2Fphotodocparis.com%2F%3Ffbclid%3DIwAR39Eo3mrzOsntp9k4t5QM5LzxECHJzSRqh3Aa-u6fH070NTrFXZP_Hnzak&amp;h=AT1690-BMyvqmrt_QwLZWJrL6ePCII6xeU6OktRyMV8O2tVUGQAH6U91Ko158mlz9EeckqqPnG5VqgPxw0xUzWNuIrHSJVf7tnLllSGwhSVCCKUndzwBUbSKDM9jwia0k45J84io\" target=\"_blank\">https:\/\/photodocparis.com\/<\/a><\/li><li>Une&nbsp;<strong>exposition<\/strong>&nbsp;\u00e0 la librairie galerie Les insolites \u00e0 Tanger :&nbsp;<a href=\"https:\/\/www.facebook.com\/Lesinsolitestanger\/\">https:\/\/www.facebook.com\/Lesinsolitestanger\/<\/a>&nbsp;et&nbsp;<a rel=\"noreferrer noopener\" href=\"https:\/\/l.facebook.com\/l.php?u=http%3A%2F%2Flibrairielesinsolites.tanger.over-blog.com%2F%3Ffbclid%3DIwAR2nT4elFtisthpMrufP1zMdU3gr1DuwzVo3sgDi29l27vwjZQMPDJ-zHSo&amp;h=AT1G6wgRgdO7EpK1aKbZfa4DUH5C8_RzTRI2QNvrEWEgUk-NsDxmOYJOcDH8BJmQYPiiJ3Bkjyh9LXCrH1i-qHNk16QarsKb5z8egEEbmxBI7FflAD3JFvQOTfK7eoZc4fDDMEHm\" target=\"_blank\">http:\/\/librairielesinsolites.tanger.over-blog.com\/<\/a><\/li><li>Une&nbsp;<strong>exposition<\/strong>&nbsp;durant le&nbsp;<a rel=\"noreferrer noopener\" href=\"https:\/\/www.incadaques.com\/\" target=\"_blank\">festival In Cadaqu\u00e9s<\/a>&nbsp;en septembre 2019.<\/li><li>Une dotation financi\u00e8re de&nbsp;<strong>2000 $<\/strong>&nbsp;par la&nbsp;<a rel=\"noreferrer noopener\" href=\"https:\/\/www.fondationalliances.org\/programmes\/lcc-program\/\" target=\"_blank\">Fondation Alliances<\/a>.<\/li><\/ul>\n\n\n\n<figure class=\"wp-block-image\"><img loading=\"lazy\" decoding=\"async\" width=\"1024\" height=\"768\" src=\"http:\/\/rencontres-facealamer.com\/wp-content\/uploads\/2019\/05\/IMG_2154-1024x768.jpg\" alt=\"\" class=\"wp-image-764\" srcset=\"https:\/\/2019.rencontres-facealamer.com\/wp-content\/uploads\/2019\/05\/IMG_2154-1024x768.jpg 1024w, https:\/\/2019.rencontres-facealamer.com\/wp-content\/uploads\/2019\/05\/IMG_2154-300x225.jpg 300w, https:\/\/2019.rencontres-facealamer.com\/wp-content\/uploads\/2019\/05\/IMG_2154-768x576.jpg 768w\" sizes=\"auto, (max-width: 767px) 89vw, (max-width: 1000px) 54vw, (max-width: 1071px) 543px, 580px\" \/><figcaption>Les expert\u00b7e\u00b7s ont particip\u00e9 \u00e0 9 ateliers.  Ici Meriem Berrada du Mus\u00e9e d\u2019Art Contemporain Africain Al Maaden et de la fondation Alliances.<\/figcaption><\/figure>\n\n\n\n<figure class=\"wp-block-image\"><img loading=\"lazy\" decoding=\"async\" width=\"768\" height=\"1024\" src=\"http:\/\/rencontres-facealamer.com\/wp-content\/uploads\/2019\/05\/IMG_2214-768x1024.jpg\" alt=\"\" class=\"wp-image-756\" srcset=\"https:\/\/2019.rencontres-facealamer.com\/wp-content\/uploads\/2019\/05\/IMG_2214-768x1024.jpg 768w, https:\/\/2019.rencontres-facealamer.com\/wp-content\/uploads\/2019\/05\/IMG_2214-225x300.jpg 225w\" sizes=\"auto, (max-width: 767px) 89vw, (max-width: 1000px) 54vw, (max-width: 1071px) 543px, 580px\" \/><figcaption>Les lectures de folio ont rassembl\u00e9 14 export\u00b7e\u00b7s marocain\u00b7e\u00b7s et fran\u00e7ais\u00b7e\u00b7s.<\/figcaption><\/figure>\n\n\n\n<figure class=\"wp-block-image\"><img loading=\"lazy\" decoding=\"async\" width=\"768\" height=\"1024\" src=\"http:\/\/rencontres-facealamer.com\/wp-content\/uploads\/2019\/05\/IMG_2279-768x1024.jpg\" alt=\"\" class=\"wp-image-658\" srcset=\"https:\/\/2019.rencontres-facealamer.com\/wp-content\/uploads\/2019\/05\/IMG_2279-768x1024.jpg 768w, https:\/\/2019.rencontres-facealamer.com\/wp-content\/uploads\/2019\/05\/IMG_2279-225x300.jpg 225w\" sizes=\"auto, (max-width: 767px) 89vw, (max-width: 1000px) 54vw, (max-width: 1071px) 543px, 580px\" \/><figcaption>Les expert\u00b7\u00b7e\u00b7s ont particip\u00e9s au jury. <\/figcaption><\/figure>\n","protected":false},"excerpt":{"rendered":"<p>Du 1er mai au 5 mai 2019, retrouvez les expert.e.s et intervenant.e.s suivant.e.s aux lectures de folio, aux ateliers ainsi que de la table ronde des Rencontres photographiques professionnelles m\u00e9diterran\u00e9ennes \u201cFace \u00e0 la mer\u201d de Tanger !<\/p>\n","protected":false},"author":1,"featured_media":0,"comment_status":"closed","ping_status":"open","sticky":false,"template":"","format":"standard","meta":{"footnotes":""},"categories":[3],"tags":[2],"class_list":["post-13","post","type-post","status-publish","format-standard","hentry","category-le-programme","tag-les-rencontres"],"_links":{"self":[{"href":"https:\/\/2019.rencontres-facealamer.com\/index.php?rest_route=\/wp\/v2\/posts\/13","targetHints":{"allow":["GET"]}}],"collection":[{"href":"https:\/\/2019.rencontres-facealamer.com\/index.php?rest_route=\/wp\/v2\/posts"}],"about":[{"href":"https:\/\/2019.rencontres-facealamer.com\/index.php?rest_route=\/wp\/v2\/types\/post"}],"author":[{"embeddable":true,"href":"https:\/\/2019.rencontres-facealamer.com\/index.php?rest_route=\/wp\/v2\/users\/1"}],"replies":[{"embeddable":true,"href":"https:\/\/2019.rencontres-facealamer.com\/index.php?rest_route=%2Fwp%2Fv2%2Fcomments&post=13"}],"version-history":[{"count":15,"href":"https:\/\/2019.rencontres-facealamer.com\/index.php?rest_route=\/wp\/v2\/posts\/13\/revisions"}],"predecessor-version":[{"id":766,"href":"https:\/\/2019.rencontres-facealamer.com\/index.php?rest_route=\/wp\/v2\/posts\/13\/revisions\/766"}],"wp:attachment":[{"href":"https:\/\/2019.rencontres-facealamer.com\/index.php?rest_route=%2Fwp%2Fv2%2Fmedia&parent=13"}],"wp:term":[{"taxonomy":"category","embeddable":true,"href":"https:\/\/2019.rencontres-facealamer.com\/index.php?rest_route=%2Fwp%2Fv2%2Fcategories&post=13"},{"taxonomy":"post_tag","embeddable":true,"href":"https:\/\/2019.rencontres-facealamer.com\/index.php?rest_route=%2Fwp%2Fv2%2Ftags&post=13"}],"curies":[{"name":"wp","href":"https:\/\/api.w.org\/{rel}","templated":true}]}}