{"id":174,"date":"2019-04-06T13:14:39","date_gmt":"2019-04-06T11:14:39","guid":{"rendered":"http:\/\/rencontres-facealamer.com\/?p=174"},"modified":"2019-04-08T01:42:23","modified_gmt":"2019-04-07T23:42:23","slug":"atelier-decryptage-du-fonctionnement-du-magazine-polka","status":"publish","type":"post","link":"https:\/\/2019.rencontres-facealamer.com\/?p=174","title":{"rendered":"ATELIER \u00ab D\u00e9cryptage du fonctionnement de Polka \u00bb"},"content":{"rendered":"\n<h2 class=\"wp-block-heading\" style=\"text-align:center\"><strong>ATELIER PRO 9<\/strong><\/h2>\n\n\n\n<h2 class=\"wp-block-heading\" style=\"text-align:center\"><strong>\u00ab D\u00e9cryptage du fonctionnement de Polka \u00bb par Dimitri Beck, directeur de la photographie<\/strong><\/h2>\n\n\n\n<h2 class=\"wp-block-heading\" style=\"text-align:center\"><strong>Le samedi 4 mai de 16h00 \u00e0 17h00 \u00e0 la cin\u00e9math\u00e8que RIF<\/strong><\/h2>\n\n\n\n<p>Comment s\u2019organise la photographie au sein du magazine, de la galerie et du d\u00e9veloppement multim\u00e9dia de Polka ? Quels en sont les acteurs ? Qu&#8217;est ce qu&#8217;un directeur de la photographie ? Qu\u2019attend Polka d\u2019un photographe vivant \u00e0 l\u2019\u00e9tranger ? Comment aborder les diff\u00e9rentes facettes de ses activit\u00e9s pour pr\u00e9senter son travail ?<\/p>\n\n\n\n<p>Mod\u00e9ration de Wilfrid Est\u00e8ve<\/p>\n\n\n\n<p>Acc\u00e8s gratuit sur inscription \u00e0 facealamer.tanger@gmail.com dans la limite des places disponibles.<\/p>\n","protected":false},"excerpt":{"rendered":"<p>ATELIER PRO 9 \u00ab D\u00e9cryptage du fonctionnement de Polka \u00bb par Dimitri Beck, directeur de la photographie Le samedi 4 mai de 16h00 \u00e0 17h00 \u00e0 la cin\u00e9math\u00e8que RIF Comment s\u2019organise la photographie au sein du magazine, de la galerie et du d\u00e9veloppement multim\u00e9dia de Polka ? Quels en sont les acteurs ? Qu&#8217;est ce &hellip; <\/p>\n<p class=\"link-more\"><a href=\"https:\/\/2019.rencontres-facealamer.com\/?p=174\" class=\"more-link\">Continuer la lecture<span class=\"screen-reader-text\"> de &laquo;&nbsp;ATELIER \u00ab D\u00e9cryptage du fonctionnement de Polka \u00bb&nbsp;&raquo;<\/span><\/a><\/p>\n","protected":false},"author":1,"featured_media":0,"comment_status":"closed","ping_status":"open","sticky":false,"template":"","format":"standard","meta":{"footnotes":""},"categories":[13],"tags":[5,19],"class_list":["post-174","post","type-post","status-publish","format-standard","hentry","category-les-ateliers-pro","tag-le-programme","tag-les-ateliers"],"_links":{"self":[{"href":"https:\/\/2019.rencontres-facealamer.com\/index.php?rest_route=\/wp\/v2\/posts\/174","targetHints":{"allow":["GET"]}}],"collection":[{"href":"https:\/\/2019.rencontres-facealamer.com\/index.php?rest_route=\/wp\/v2\/posts"}],"about":[{"href":"https:\/\/2019.rencontres-facealamer.com\/index.php?rest_route=\/wp\/v2\/types\/post"}],"author":[{"embeddable":true,"href":"https:\/\/2019.rencontres-facealamer.com\/index.php?rest_route=\/wp\/v2\/users\/1"}],"replies":[{"embeddable":true,"href":"https:\/\/2019.rencontres-facealamer.com\/index.php?rest_route=%2Fwp%2Fv2%2Fcomments&post=174"}],"version-history":[{"count":8,"href":"https:\/\/2019.rencontres-facealamer.com\/index.php?rest_route=\/wp\/v2\/posts\/174\/revisions"}],"predecessor-version":[{"id":372,"href":"https:\/\/2019.rencontres-facealamer.com\/index.php?rest_route=\/wp\/v2\/posts\/174\/revisions\/372"}],"wp:attachment":[{"href":"https:\/\/2019.rencontres-facealamer.com\/index.php?rest_route=%2Fwp%2Fv2%2Fmedia&parent=174"}],"wp:term":[{"taxonomy":"category","embeddable":true,"href":"https:\/\/2019.rencontres-facealamer.com\/index.php?rest_route=%2Fwp%2Fv2%2Fcategories&post=174"},{"taxonomy":"post_tag","embeddable":true,"href":"https:\/\/2019.rencontres-facealamer.com\/index.php?rest_route=%2Fwp%2Fv2%2Ftags&post=174"}],"curies":[{"name":"wp","href":"https:\/\/api.w.org\/{rel}","templated":true}]}}