{"id":220,"date":"2019-04-06T13:19:41","date_gmt":"2019-04-06T11:19:41","guid":{"rendered":"http:\/\/rencontres-facealamer.com\/?p=220"},"modified":"2019-04-30T20:19:19","modified_gmt":"2019-04-30T18:19:19","slug":"temps-fort-1-les-projections","status":"publish","type":"post","link":"https:\/\/2019.rencontres-facealamer.com\/?p=220","title":{"rendered":"TEMPS FORT #1 PROJECTIONS &#038; RENCONTRES"},"content":{"rendered":"\n<p>Les Rencontres photo professionnelles m\u00e9diterran\u00e9ennes \u201cFace \u00e0 la mer\u201d sont bas\u00e9es sur un principe d\u2019\u00e9changes autour de la pratique photographique et du march\u00e9 de la photographie entre des photographes marocains, alg\u00e9riens, tunisiens, fran\u00e7ais et des experts marocains et \u00e9trangers.<\/p>\n\n\n\n<p>La manifestation souhaite \u00e9galement faire d\u00e9couvrir des s\u00e9ries photographiques documentaires, li\u00e9s au photojournalisme ou \u00e0 des \u00e9critures cr\u00e9atives \u00e0 travers des projections d&#8217;oeuvres \u00e0 la cin\u00e9math\u00e8que RIF de Tanger.<\/p>\n\n\n\n<p>L&#8217;organisation de ces espace d\u2019\u00e9changes entre les photographes et les professionnels des m\u00e9dias et de la photographie sont au coeur des actions de la manifestation : projections d&#8217;oeuvres, rencontres autour et apr\u00e8s les projections, d\u00e9bats et discussions lors des ateliers, lectures de portfolios et table ronde.<\/p>\n\n\n\n<h2 class=\"wp-block-heading\"><strong>MERCREDI 1er MAI A LA CINEMATHEQUE RIF<br><\/strong><\/h2>\n\n\n\n<p><strong>PROJECTION &amp; RENCONTRE #1<br><\/strong> D\u00e9but de soir\u00e9e avec une performance live sur trois projections photographiques au cin\u00e9ma RIF de 19h30 \u00e0 20h30. <\/p>\n\n\n\n<p>Une cr\u00e9ation musicale sous forme de performance live aura lieu avec le <strong><a rel=\"noreferrer noopener\" aria-label=\" (s\u2019ouvre dans un nouvel onglet)\" href=\"https:\/\/fr.wikipedia.org\/wiki\/Raph_Dumas\" target=\"_blank\">Raph Dumas<\/a><\/strong> sur des projections de s\u00e9ries photographiques.  <\/p>\n\n\n\n<p>Coup de coeur de Yamna Mostefa, Raph Dumas est disc jockey, remixeur et producteur Catalan. Il est \u00e9galement l&#8217;initiateur d&#8217;un nouveau genre musical, fusion entre musique traditionnelle catalane et musique \u00e9lectronique, qu&#8217;il qualifie lui-m\u00eame de coblism. Il travaille fr\u00e9quemment avec Pascal Comelade mais aussi travaill\u00e9 avec Renaud Papillon Paravel ou La Ruda Salska. Il est le premier disc jockey \u00e0 enseigner dans un conservatoire en France.<\/p>\n\n\n\n<figure class=\"wp-block-image\"><img loading=\"lazy\" decoding=\"async\" width=\"785\" height=\"1024\" src=\"http:\/\/rencontres-facealamer.com\/wp-content\/uploads\/2019\/04\/IMG_2088-785x1024.jpg\" alt=\"\" class=\"wp-image-640\" srcset=\"https:\/\/2019.rencontres-facealamer.com\/wp-content\/uploads\/2019\/04\/IMG_2088-785x1024.jpg 785w, https:\/\/2019.rencontres-facealamer.com\/wp-content\/uploads\/2019\/04\/IMG_2088-230x300.jpg 230w, https:\/\/2019.rencontres-facealamer.com\/wp-content\/uploads\/2019\/04\/IMG_2088-768x1002.jpg 768w\" sizes=\"auto, (max-width: 767px) 89vw, (max-width: 1000px) 54vw, (max-width: 1071px) 543px, 580px\" \/><figcaption>Portrait de Raph Dumas dans la kasbah de Tanger le 29 avril 2019.<br><\/figcaption><\/figure>\n\n\n\n<ul class=\"wp-block-list\"><li><strong>PROJECTION FACE A LA MER \/ <a rel=\"noreferrer noopener\" aria-label=\"IN FRAME (s\u2019ouvre dans un nouvel onglet)\" href=\"http:\/\/inframe.fr\/\" target=\"_blank\">IN FRAME<\/a><\/strong><\/li><li><strong>Commissariat de <a rel=\"noreferrer noopener\" aria-label=\"Yamna Mostefa (s\u2019ouvre dans un nouvel onglet)\" href=\"https:\/\/www.facebook.com\/profile.php?id=100000583207568\" target=\"_blank\">Yamna Mostefa<\/a> en collaboration  avec <a rel=\"noreferrer noopener\" aria-label=\"Kalel Koven (s\u2019ouvre dans un nouvel onglet)\" href=\"http:\/\/www.kalelkoven.com\/\" target=\"_blank\">Kalel Koven<\/a> <\/strong><\/li><li><a rel=\"noreferrer noopener\" aria-label=\" (s\u2019ouvre dans un nouvel onglet)\" href=\"http:\/\/hanslucas.com\/kassayag\/photo\" target=\"_blank\">Karen Assayag<\/a>, Hans Lucas M\u00e9diterran\u00e9e<\/li><li><a rel=\"noreferrer noopener\" aria-label=\"Sofiane Bakouri (s\u2019ouvre dans un nouvel onglet)\" href=\"http:\/\/hanslucas.com\/sbakouri\/photo\" target=\"_blank\">Sofiane Bakouri<\/a>, Hans Lucas M\u00e9diterran\u00e9e<\/li><li><a rel=\"noreferrer noopener\" aria-label=\"Ferhat Bouda (s\u2019ouvre dans un nouvel onglet)\" href=\"https:\/\/www.bouda-photographie.com\/\" target=\"_blank\">Ferhat Bouda<\/a>, agence VU&#8217;<\/li><li><a rel=\"noreferrer noopener\" aria-label=\"Fadi Boukaram (s\u2019ouvre dans un nouvel onglet)\" href=\"http:\/\/www.fadiboukaram.com\/\" target=\"_blank\">Fadi Boukaram<\/a><\/li><li><a href=\"http:\/\/hanslucas.com\/mbunel\/photo\">Micha\u00ebl Bunel<\/a><\/li><li><a rel=\"noreferrer noopener\" aria-label=\"Fares El Fersan (s\u2019ouvre dans un nouvel onglet)\" href=\"http:\/\/hanslucas.com\/elfersan\/photo\" target=\"_blank\">Fares El Fersan<\/a>, Hans Lucas M\u00e9diterran\u00e9e<\/li><li><a rel=\"noreferrer noopener\" aria-label=\"Seif Kousmate (s\u2019ouvre dans un nouvel onglet)\" href=\"http:\/\/hanslucas.com\/skousmate\/photo\" target=\"_blank\">Seif Kousmate<\/a>, Hans Lucas M\u00e9diterran\u00e9e<\/li><li><a rel=\"noreferrer noopener\" aria-label=\" (s\u2019ouvre dans un nouvel onglet)\" href=\"https:\/\/www.collective220.net\/youcefkrache\" target=\"_blank\">Youcef Krache<\/a>, Collectif 220<\/li><li><a rel=\"noreferrer noopener\" aria-label=\"Romain Laurendeau (s\u2019ouvre dans un nouvel onglet)\" href=\"http:\/\/hanslucas.com\/rlaurendeau\/photo\" target=\"_blank\">Romain Laurendeau<\/a>, Hans Lucas M\u00e9diterran\u00e9e<\/li><li><a rel=\"noreferrer noopener\" aria-label=\"Youness Miloudi, (s\u2019ouvre dans un nouvel onglet)\" href=\"http:\/\/hanslucas.com\/ymiloudi\/photo\" target=\"_blank\">Youness Miloudi,<\/a> Hans Lucas M\u00e9diterran\u00e9e<\/li><li><a rel=\"noreferrer noopener\" aria-label=\"Hannah Modigh (s\u2019ouvre dans un nouvel onglet)\" href=\"http:\/\/hannahmodigh.se\/\" target=\"_blank\">Hannah Modigh<\/a><\/li><li><a rel=\"noreferrer noopener\" aria-label=\"Fethi Sahraoui (s\u2019ouvre dans un nouvel onglet)\" href=\"https:\/\/www.collective220.net\/fethisahraoui\" target=\"_blank\">Fethi Sahraoui<\/a>, Collectif 220<\/li><li><a rel=\"noreferrer noopener\" aria-label=\"Sadak Souici (s\u2019ouvre dans un nouvel onglet)\" href=\"http:\/\/www.lepictoriumagency.com\/sadak-souici\" target=\"_blank\">Sadak Souici<\/a>, agence Le Pictorium<\/li><li><a rel=\"noreferrer noopener\" aria-label=\"Lynn SK (s\u2019ouvre dans un nouvel onglet)\" href=\"http:\/\/hanslucas.com\/lynnsk\/photo\" target=\"_blank\">Lynn SK<\/a>, Hans Lucas M\u00e9diterran\u00e9e<\/li><\/ul>\n\n\n\n<ul class=\"wp-block-list\"><li><strong>PROJECTION FACE A LA MER \/ <a rel=\"noreferrer noopener\" aria-label=\"COLLECTIF ALGERIEN 220 (s\u2019ouvre dans un nouvel onglet)\" href=\"https:\/\/www.collective220.net\/\" target=\"_blank\">COLLECTIF ALGERIEN 220<\/a><\/strong><\/li><li><strong>Commissariat du collectif 220<\/strong><\/li><li><a rel=\"noreferrer noopener\" aria-label=\"Houari Bouchenak (s\u2019ouvre dans un nouvel onglet)\" href=\"https:\/\/www.collective220.net\/houaribouchenak\" target=\"_blank\">Houari Bouchenak<\/a><\/li><li><a rel=\"noreferrer noopener\" aria-label=\"Ramzy Bensaadi (s\u2019ouvre dans un nouvel onglet)\" href=\"https:\/\/www.collective220.net\/ramzybensaadi\" target=\"_blank\">Ramzy Bensaadi<\/a><\/li><li><a rel=\"noreferrer noopener\" aria-label=\"Youcef Krache (s\u2019ouvre dans un nouvel onglet)\" href=\"https:\/\/www.collective220.net\/youcefkrache\" target=\"_blank\">Youcef Krache<\/a><\/li><li><a rel=\"noreferrer noopener\" aria-label=\"Fethi Sahraoui (s\u2019ouvre dans un nouvel onglet)\" href=\"https:\/\/www.collective220.net\/fethisahraoui\" target=\"_blank\">Fethi Sahraoui<\/a><\/li><li><a href=\"https:\/\/www.collective220.net\/abdoshanan\" target=\"_blank\" rel=\"noreferrer noopener\" aria-label=\"Abdo Shanan (s\u2019ouvre dans un nouvel onglet)\">Abdo Shanan<\/a><\/li><\/ul>\n\n\n\n<ul class=\"wp-block-list\"><li><strong>PROJECTION FACE A LA MER \/ <a rel=\"noreferrer noopener\" aria-label=\"HANS LUCAS MEDITERRANEE (s\u2019ouvre dans un nouvel onglet)\" href=\"http:\/\/mediterranee.hanslucas.com\/\" target=\"_blank\">HANS LUCAS MEDITERRANEE<\/a><\/strong><\/li><li><strong>Commissariat de <a rel=\"noreferrer noopener\" aria-label=\"Wilfrid Est\u00e8ve (s\u2019ouvre dans un nouvel onglet)\" href=\"http:\/\/hanslucas.com\/westeve\/photo\" target=\"_blank\">Wilfrid Est\u00e8ve<\/a> en collaboration avec <a rel=\"noreferrer noopener\" aria-label=\"Melissa Fillon (s\u2019ouvre dans un nouvel onglet)\" href=\"http:\/\/hanslucas.com\/mfillon\/photo\" target=\"_blank\">Melissa Fillon<\/a><\/strong><\/li><li><a rel=\"noreferrer noopener\" aria-label=\"Karen Assayag (s\u2019ouvre dans un nouvel onglet)\" href=\"http:\/\/hanslucas.com\/kassayag\/photo\" target=\"_blank\">Karen Assayag<\/a><\/li><li><a href=\"http:\/\/www.hanslucas.com\/ibaha\/photo\" target=\"_blank\" rel=\"noreferrer noopener\" aria-label=\"Idhir Baha (s\u2019ouvre dans un nouvel onglet)\">Idhir Baha<\/a><\/li><li><a rel=\"noreferrer noopener\" aria-label=\"Sofiane Bakouri (s\u2019ouvre dans un nouvel onglet)\" href=\"http:\/\/hanslucas.com\/sbakouri\/photo\" target=\"_blank\">Sofiane Bakouri<\/a><\/li><li><a rel=\"noreferrer noopener\" aria-label=\"Marcela Barrios (s\u2019ouvre dans un nouvel onglet)\" href=\"http:\/\/hanslucas.com\/mbarrios\/photo\" target=\"_blank\">Marcela Barrios<\/a><\/li><li><a rel=\"noreferrer noopener\" aria-label=\"Sabri Benalycherif (s\u2019ouvre dans un nouvel onglet)\" href=\"http:\/\/hanslucas.com\/sbenalycherif\/photo\" target=\"_blank\">Sabri Benalycherif<\/a><\/li><li><a rel=\"noreferrer noopener\" aria-label=\"Mathias Benguigui (s\u2019ouvre dans un nouvel onglet)\" href=\"http:\/\/hanslucas.com\/mbenguigui\/photo\" target=\"_blank\">Mathias Benguigui<\/a><\/li><li><a rel=\"noreferrer noopener\" aria-label=\"Brahim Benkirane (s\u2019ouvre dans un nouvel onglet)\" href=\"http:\/\/hanslucas.com\/bbenkirane\/photo\" target=\"_blank\">Brahim Benkirane<\/a><\/li><li><a rel=\"noreferrer noopener\" aria-label=\"Guillaume Blot (s\u2019ouvre dans un nouvel onglet)\" href=\"http:\/\/hanslucas.com\/gblot\/photo\" target=\"_blank\">Guillaume Blot<\/a><\/li><li><a rel=\"noreferrer noopener\" aria-label=\"Ari\u00e9 Botbol (s\u2019ouvre dans un nouvel onglet)\" href=\"http:\/\/hanslucas.com\/abotbol\/photo\" target=\"_blank\">Ari\u00e9 Botbol<\/a><\/li><li><a rel=\"noreferrer noopener\" aria-label=\"Micha\u00ebl Duperrin (s\u2019ouvre dans un nouvel onglet)\" href=\"http:\/\/hanslucas.com\/mduperrin\/photo\" target=\"_blank\">Micha\u00ebl Duperrin<\/a> <\/li><li><a rel=\"noreferrer noopener\" aria-label=\"Emeric Fohlen (s\u2019ouvre dans un nouvel onglet)\" href=\"http:\/\/mediterranee.hanslucas.com\/efohlen\/photo\" target=\"_blank\">Emeric Fohlen<\/a><\/li><li><a rel=\"noreferrer noopener\" aria-label=\"Laurence Kourcia (s\u2019ouvre dans un nouvel onglet)\" href=\"http:\/\/hanslucas.com\/lkourcia\/photo\" target=\"_blank\">Laurence Kourcia<\/a><\/li><li><a rel=\"noreferrer noopener\" aria-label=\"Elise Llinares (s\u2019ouvre dans un nouvel onglet)\" href=\"http:\/\/hanslucas.com\/ellinares\/photo\" target=\"_blank\">Elise Llinares<\/a><\/li><li><a rel=\"noreferrer noopener\" aria-label=\"Rodrigo (s\u2019ouvre dans un nouvel onglet)\" href=\"http:\/\/hanslucas.com\/rodrigo\/photo\" target=\"_blank\">Rodrigo<\/a><\/li><li><a rel=\"noreferrer noopener\" aria-label=\"Romain Laurendeau (s\u2019ouvre dans un nouvel onglet)\" href=\"http:\/\/hanslucas.com\/rlaurendeau\/photo\" target=\"_blank\">Romain Laurendeau<\/a><\/li><li><a rel=\"noreferrer noopener\" aria-label=\"Seif Kousmate (s\u2019ouvre dans un nouvel onglet)\" href=\"http:\/\/hanslucas.com\/skousmate\/photo\" target=\"_blank\">Seif Kousmate<\/a><\/li><li><a rel=\"noreferrer noopener\" aria-label=\"Samir Maouche (s\u2019ouvre dans un nouvel onglet)\" href=\"http:\/\/hanslucas.com\/smaouche\/photo\" target=\"_blank\">Samir Maouche<\/a><\/li><li><a rel=\"noreferrer noopener\" aria-label=\"Virginie Nguyen Hoang (s\u2019ouvre dans un nouvel onglet)\" href=\"http:\/\/hanslucas.com\/vnguyen\/tearsheet\" target=\"_blank\">Virginie Nguyen Hoang<\/a><\/li><li><a rel=\"noreferrer noopener\" aria-label=\"Fr\u00e9d\u00e9ric Scheiber (s\u2019ouvre dans un nouvel onglet)\" href=\"http:\/\/hanslucas.com\/fscheiber\/photo\" target=\"_blank\">Fr\u00e9d\u00e9ric Scheiber<\/a><\/li><li><a rel=\"noreferrer noopener\" aria-label=\"Marie Tihon (s\u2019ouvre dans un nouvel onglet)\" href=\"http:\/\/hanslucas.com\/mtihon\/photo\" target=\"_blank\">Marie Tihon<\/a><\/li><li><a rel=\"noreferrer noopener\" aria-label=\"P\u00e9n\u00e9lope Thomaidi (s\u2019ouvre dans un nouvel onglet)\" href=\"http:\/\/hanslucas.com\/pthomaidi\/photo\" target=\"_blank\">P\u00e9n\u00e9lope Thomaidi<\/a><\/li><li><a rel=\"noreferrer noopener\" aria-label=\"Baptiste de Ville d'Avray (s\u2019ouvre dans un nouvel onglet)\" href=\"http:\/\/hanslucas.com\/bdva\/photo\" target=\"_blank\">Baptiste de Ville d&#8217;Avray<\/a><\/li><li><a rel=\"noreferrer noopener\" aria-label=\"Antonin Weber (s\u2019ouvre dans un nouvel onglet)\" href=\"http:\/\/hanslucas.com\/aweber\/photo\" target=\"_blank\">Antonin Weber<\/a><\/li><li><a rel=\"noreferrer noopener\" aria-label=\"Mathias Zwick (s\u2019ouvre dans un nouvel onglet)\" href=\"http:\/\/hanslucas.com\/mzwick\/photo\" target=\"_blank\">Mathias Zwick<\/a><\/li><\/ul>\n\n\n\n<p>De 20h30 \u00e0 20h50, lancement de Face \u00e0 la mer au cin\u00e9ma RIF : pr\u00e9sentation des Rencontres professionnelles m\u00e9diterran\u00e9ennes par Yamna Mostefa et Wilfrid Est\u00e8ve.<\/p>\n\n\n\n<p> De 21h00 \u00e0 23h00, After &amp; rencontres professionnelles au cin\u00e9ma RIF : fin de soir\u00e9e \u00e0 l\u2019espace bar de la cin\u00e9math\u00e8que, rencontres professionnelles dans un cadre convivial entre les photographes et les expert\u00b7e\u00b7s.<\/p>\n\n\n\n<h2 class=\"wp-block-heading\"><strong>VENDREDI 4 MAI A LA CINEMATHEQUE RIF<br><\/strong><\/h2>\n\n\n\n<p><strong>PROJECTION &amp; RENCONTRE #2 <br><\/strong>Table ronde et projection sur la photographie \u00e9mergente au Maroc et en Alg\u00e9rie \u00e0 la cin\u00e9math\u00e8que RIF de 19h00 \u00e0 20h30.<\/p>\n\n\n\n<ul class=\"wp-block-list\"><li><strong>PROJECTION &amp; RENCONTRE #2  anim\u00e9 par Lorenzo Virgili, avec les oeuvres projet\u00e9es et en pr\u00e9sence de :<\/strong><\/li><li><a rel=\"noreferrer noopener\" aria-label=\"Karen Assayag (s\u2019ouvre dans un nouvel onglet)\" href=\"http:\/\/hanslucas.com\/kassayag\/photo\" target=\"_blank\">Karen Assayag<\/a>, Hans Lucas M\u00e9diterran\u00e9e <\/li><li><a rel=\"noreferrer noopener\" aria-label=\"Sofiane Bakouri (s\u2019ouvre dans un nouvel onglet)\" href=\"http:\/\/hanslucas.com\/sbakouri\/photo\" target=\"_blank\">Sofiane Bakouri<\/a>, Hans Lucas M\u00e9diterran\u00e9e <\/li><li><a rel=\"noreferrer noopener\" aria-label=\"M\u2019hammed Kilito (s\u2019ouvre dans un nouvel onglet)\" href=\"https:\/\/www.kilito.com\/\" target=\"_blank\">M\u2019hammed Kilito<\/a><\/li><li><a rel=\"noreferrer noopener\" aria-label=\"Seif Kousmate (s\u2019ouvre dans un nouvel onglet)\" href=\"http:\/\/hanslucas.com\/skousmate\/photo\" target=\"_blank\">Seif Kousmate<\/a>, Hans Lucas M\u00e9diterran\u00e9e <\/li><li><a rel=\"noreferrer noopener\" aria-label=\"Youcef Krache (s\u2019ouvre dans un nouvel onglet)\" href=\"https:\/\/www.collective220.net\/youcefkrache\" target=\"_blank\">Youcef Krache<\/a>, Collectif 220<\/li><li><a rel=\"noreferrer noopener\" aria-label=\"Fethi Sahraoui (s\u2019ouvre dans un nouvel onglet)\" href=\"https:\/\/www.collective220.net\/fethisahraoui\" target=\"_blank\">Fethi Sahraoui<\/a>, Collectif 220<\/li><li><\/li><\/ul>\n\n\n\n<p>Acc\u00e8s gratuit \u00e0 la projection et \u00e0 la rencontre sur inscription \u00e0 facealamer.tanger@gmail.com dans la limite des places disponibles.<\/p>\n\n\n\n<p><\/p>\n","protected":false},"excerpt":{"rendered":"<p>Les Rencontres photo professionnelles m\u00e9diterran\u00e9ennes \u201cFace \u00e0 la mer\u201d sont bas\u00e9es sur un principe d\u2019\u00e9changes autour de la pratique photographique et du march\u00e9 de la photographie entre des photographes marocains, alg\u00e9riens, tunisiens, fran\u00e7ais et des experts marocains et \u00e9trangers. La manifestation souhaite \u00e9galement faire d\u00e9couvrir des s\u00e9ries photographiques documentaires, li\u00e9s au photojournalisme ou \u00e0 des &hellip; <\/p>\n<p class=\"link-more\"><a href=\"https:\/\/2019.rencontres-facealamer.com\/?p=220\" class=\"more-link\">Continuer la lecture<span class=\"screen-reader-text\"> de &laquo;&nbsp;TEMPS FORT #1 PROJECTIONS &#038; RENCONTRES&nbsp;&raquo;<\/span><\/a><\/p>\n","protected":false},"author":1,"featured_media":0,"comment_status":"closed","ping_status":"open","sticky":false,"template":"","format":"standard","meta":{"footnotes":""},"categories":[16,15],"tags":[5],"class_list":["post-220","post","type-post","status-publish","format-standard","hentry","category-les-projections","category-temps-fort","tag-le-programme"],"_links":{"self":[{"href":"https:\/\/2019.rencontres-facealamer.com\/index.php?rest_route=\/wp\/v2\/posts\/220","targetHints":{"allow":["GET"]}}],"collection":[{"href":"https:\/\/2019.rencontres-facealamer.com\/index.php?rest_route=\/wp\/v2\/posts"}],"about":[{"href":"https:\/\/2019.rencontres-facealamer.com\/index.php?rest_route=\/wp\/v2\/types\/post"}],"author":[{"embeddable":true,"href":"https:\/\/2019.rencontres-facealamer.com\/index.php?rest_route=\/wp\/v2\/users\/1"}],"replies":[{"embeddable":true,"href":"https:\/\/2019.rencontres-facealamer.com\/index.php?rest_route=%2Fwp%2Fv2%2Fcomments&post=220"}],"version-history":[{"count":62,"href":"https:\/\/2019.rencontres-facealamer.com\/index.php?rest_route=\/wp\/v2\/posts\/220\/revisions"}],"predecessor-version":[{"id":645,"href":"https:\/\/2019.rencontres-facealamer.com\/index.php?rest_route=\/wp\/v2\/posts\/220\/revisions\/645"}],"wp:attachment":[{"href":"https:\/\/2019.rencontres-facealamer.com\/index.php?rest_route=%2Fwp%2Fv2%2Fmedia&parent=220"}],"wp:term":[{"taxonomy":"category","embeddable":true,"href":"https:\/\/2019.rencontres-facealamer.com\/index.php?rest_route=%2Fwp%2Fv2%2Fcategories&post=220"},{"taxonomy":"post_tag","embeddable":true,"href":"https:\/\/2019.rencontres-facealamer.com\/index.php?rest_route=%2Fwp%2Fv2%2Ftags&post=220"}],"curies":[{"name":"wp","href":"https:\/\/api.w.org\/{rel}","templated":true}]}}